{"id":1,"date":"2021-07-11T16:19:10","date_gmt":"2021-07-11T16:19:10","guid":{"rendered":"https:\/\/gene-hagelstein.de\/?p=1"},"modified":"2025-04-01T13:50:44","modified_gmt":"2025-04-01T11:50:44","slug":"hello-world","status":"publish","type":"post","link":"https:\/\/gene-hagelstein.de\/?p=1","title":{"rendered":"Lebenslauf"},"content":{"rendered":"<div class=\"fusion-fullwidth fullwidth-box fusion-builder-row-1 fusion-flex-container nonhundred-percent-fullwidth non-hundred-percent-height-scrolling\" style=\"background-color: #ffffff;background-position: center center;background-repeat: no-repeat;border-width: 0px 0px 0px 0px;border-color:#eae9e9;border-style:solid;\" ><div class=\"fusion-builder-row fusion-row fusion-flex-align-items-flex-start\" style=\"max-width:104%;margin-left: calc(-4% \/ 2 );margin-right: calc(-4% \/ 2 );\"><div class=\"fusion-layout-column fusion_builder_column fusion-builder-column-0 fusion_builder_column_2_3 2_3 fusion-flex-column\"><div class=\"fusion-column-wrapper fusion-flex-justify-content-flex-start fusion-content-layout-column\" style=\"background-position:left top;background-repeat:no-repeat;-webkit-background-size:cover;-moz-background-size:cover;-o-background-size:cover;background-size:cover;padding: 0px 0px 0px 0px;\"><div class=\"fusion-text fusion-text-1\"><h4 class=\"\" style=\"--fontsize: 18; line-height: 1.5; --minfontsize: 18;\" data-fontsize=\"18\" data-lineheight=\"27px\"><span style=\"color: var(--h3_typography-color); font-family: var(--h3_typography-font-family); font-size: var(--h3_typography-font-size); font-style: var(--h3_typography-font-style,normal); font-weight: var(--h3_typography-font-weight); letter-spacing: var(--h3_typography-letter-spacing);\">Aufgewachsen im Westend, <\/span><span style=\"color: var(--h3_typography-color); font-family: var(--h3_typography-font-family); font-size: var(--h3_typography-font-size); font-style: var(--h3_typography-font-style,normal); font-weight: var(--h3_typography-font-weight); letter-spacing: var(--h3_typography-letter-spacing);\">zuhause in der ganzen Stadt!<\/span><\/h4>\n<p><!-- \/wp:post-content --><\/p>\n<p><!-- wp:paragraph --><\/p>\n<p><!-- \/wp:paragraph --><\/p>\n<p><!-- wp:paragraph --><\/p>\n<p>Im Westend, zwischen Hochh\u00e4usern, Bahnhof, Sportpark und Schwimmbad, hat sich nicht zuletzt durch das Bundesprogramm \u201eSoziale Stadt\u201c seit meiner Kindheit vieles ver\u00e4ndert. Die Angebote im Westend f\u00fcr das Westend \u2013 wie die Stadtteilbibliothek \u2013 und die f\u00fcr die ganze Stadt \u2013 wie Sportpark und Schwimmbad \u2013 will ich in ihrer Qualit\u00e4t erhalten und wo immer m\u00f6glich ausbauen.<\/p>\n<p><!-- \/wp:paragraph --><\/p>\n<p><!-- wp:paragraph --><\/p>\n<p>Der Sportpark und das Schwimmbad geh\u00f6ren auch zu den Orten in der Stadt, an denen das Ehrenamt eine gro\u00dfe Rolle spielt. Ich bin in vielen Vereinen Neu-Isenburgs Mitglied, in vielen davon aktiv und kenne daher das Engagement der Verantwortlichen in den Vereinsvorst\u00e4nden. Ohne das ehrenamtliche Engagement w\u00e4ren Sport und Kultur undenkbar. Das Ehrenamt ist deshalb etwas, was Politik nie vergessen darf \u2013 es zu erhalten und zu f\u00f6rdern, ist f\u00fcr mich eine Selbstverst\u00e4ndlichkeit.<\/p>\n<p><!-- \/wp:paragraph --><\/p>\n<p><!-- wp:paragraph --><\/p>\n<p>W\u00e4hrend die Westendbibliothek noch vergleichsweise jung ist, ist die Hugenottenhalle und damit die Stadtbibliothek mehr als in die Jahre gekommen. Ihre Sanierung und Erweiterung, die Neuausrichtung von Bibliothek und Halle zu einem Ort der Begegnung, der Bildung und Kultur f\u00fcr Alle ist eines der Projekte, die in den kommenden 6 Jahren zentrale Bedeutung erlangen m\u00fcssen. Dabei darf weder ihre Rolle als Veranstaltungsort in der Region noch ihre Bedeutung f\u00fcr Neu-Isenburg und seine B\u00fcrger und Vereine in Vergessenheit geraten.<\/p>\n<p><!-- \/wp:paragraph --><\/p>\n<p><!-- wp:paragraph --><\/p>\n<p>Die Stadt w\u00e4chst und mit ihr die Nachfrage nach Wohnraum. Wo immer Wohnraum entsteht, muss er f\u00fcr alle Einkommen bezahlbar sein. Gerade im letzten gro\u00dfen bebaubaren Gebiet, dem Stadtquartier S\u00fcd, muss die Stadt \u00fcber ihre GeWoBau Wohnraum errichten, den sich jeder leisten kann. Daf\u00fcr habe ich mich bislang eingesetzt und werde es auch weiterhin tun.<\/p>\n<p><!-- \/wp:paragraph --><\/p>\n<p><!-- wp:paragraph --><\/p>\n<p>Als leidenschaftlicher Fu\u00dfg\u00e4nger und Nutzer des \u00d6PNV, der im \u00fcbrigen nie einen F\u00fchrerschein erworben hat, kenne ich die Schw\u00e4chen und L\u00fccken im \u00f6ffentlichen Angebot nur zu gut. Mit der RTW kommt ein Zug in der Stadtmitte an, der eine gro\u00dfe L\u00fccke schlie\u00dft und viele Wege beschleunigt. Die RTW ist ein gro\u00dfer Baustein f\u00fcr eine Verkehrswende, deren Ziel mehr Lebensqualit\u00e4t f\u00fcr alle ist. Die Verl\u00e4ngerung der Stra\u00dfenbahn bis nach Dreieich, neue flexible Angebote, Infrastruktur f\u00fcr Radfahrende \u2013 all das sind die Bausteine mit denen es gelingen kann, unsere Innenstadt und ihre zentrale Achse, die Frankfurter Stra\u00dfe, vom motorisierten Durchgangsverkehr zu befreien und damit f\u00fcr ihre Einwohner attraktiver zu machen.<\/p>\n<p><!-- \/wp:paragraph --><\/p>\n<p><!-- wp:paragraph --><\/p>\n<p>Das historische Herzst\u00fcck der Stadt, der Marktplatz und der Alte Ort, wird in den n\u00e4chsten Jahren ebenfalls viel Ver\u00e4nderung erfahren. Mir ist es wichtig, hier einen Ort zu gestalten, der den Bed\u00fcrfnissen des modernen Isenburgs als Ort der Begegnung dient. Er soll nicht nur Staffage f\u00fcr wenige Feste sein oder nur als musealer Ort wahrgenommen werden. Daf\u00fcr bedarf es neben den hier ans\u00e4ssigen Gastronomen, den Leistungen der Marktplatzgemeinde, den st\u00e4dtischen Angeboten vom Haus zu L\u00f6wen und des Infocaf\u00e9s im Alten Schulhaus eine attraktive Umgestaltung und Neubewertung. Die historischen Stra\u00dfenz\u00fcge, die das markante Andreaskreuz bilden, sollen mehr sein als nur Parkpl\u00e4tze. Der Platz soll auch in Zukunft an die Geschichte der Stadt erinnern, aber gleichzeitig ein lebendiger Ort im Hier und Jetzt sein, der zum Verweilen animiert.<\/p>\n<p><!-- \/wp:paragraph --><\/p>\n<p><!-- wp:paragraph --><\/p>\n<p>All diese Projekte k\u00f6nnen nur gelingen, wenn fr\u00fchzeitig die Menschen unserer Stadt einbezogen werden. Wir alle sind die Experten Neu-Isenburgs, bringen unsere unterschiedlichen Pers\u00f6nlichkeiten und Bed\u00fcrfnisse ein. Als Gemeinschaft gilt es hier die Schnittpunkte zu definieren und auszuarbeiten. Zwischen Leben und Wohnen, zwischen Arbeiten und Freizeit, zwischen schnellster Wegeverbindung und angenehmen Einkaufsflair. Es wird nicht einfach werden, aber ich bin mir sicher, alle zusammen k\u00f6nnen wir das!<\/p>\n<p><!-- \/wp:paragraph --><\/p>\n<p><!-- wp:paragraph --><\/p>\n<h4 class=\"\" style=\"--fontsize: 18; line-height: 1.5; --minfontsize: 18;\" data-fontsize=\"18\" data-lineheight=\"27px\">Zu guter Letzt:<\/h4>\n<p><!-- \/wp:paragraph --><\/p>\n<p><!-- wp:paragraph --><\/p>\n<p>Ich bin in dieser Stadt gro\u00df geworden, habe hier die Schule absolviert und meine Ausbildung gemacht. Neu-Isenburg ist die Stadt, in der ich mich zu dem Menschen entwickelt habe, der ich heute bin.<\/p>\n<p><!-- \/wp:paragraph --><\/p>\n<p><!-- wp:paragraph --><\/p>\n<p>Neu-Isenburg ist meine Heimat, ist der Ort, f\u00fcr den ich mich engagiere. Seit 2001 bin ich als ehrenamtlicher Stadtverordneter im Stadtparlament und beteilige mich so an der stadtplanerischen und gesellschaftlichen Weiterentwicklung der Stadt.<\/p>\n<p><!-- \/wp:paragraph --><\/p>\n<p><!-- wp:paragraph --><\/p>\n<p>Kommunalpolitik ist die direkteste Ebene. Hier regeln wir als Nachbarn unsere Angelegenheiten.<\/p>\n<p><!-- \/wp:paragraph --><\/p>\n<p><!-- wp:paragraph --><\/p>\n<p>Mein Ziel ist, mich f\u00fcr Sie und unsere Stadt noch st\u00e4rker einsetzen zu k\u00f6nnen.<\/p>\n<h4><strong>Aktualisierung<\/strong><strong>:<\/strong><\/h4>\n<p>Bei der Wahl zum B\u00fcrgermeister am 26.09.2021 kam ich als zweitplatzierter Kandidat in die Stichwahl. Diese konnte ich vierzehn Tage sp\u00e4ter &#8211; denkbar knapp &#8211; mit 50,24 % der Stimmen gewinnen. Im April 2022 wurde ich in der Hugenottenhalle Neu-Isenburg zum B\u00fcrgermeister der Stadt Neu-Isenburg vereidigt.<\/p>\n<\/p>\n<p><!-- \/wp:paragraph --><\/p>\n<\/div><\/div><style type=\"text\/css\">.fusion-body .fusion-builder-column-0{width:66.666666666667% !important;margin-top : 0px;margin-bottom : 0px;}.fusion-builder-column-0 > .fusion-column-wrapper {padding-top : 0px !important;padding-right : 0px !important;margin-right : 3.84%;padding-bottom : 0px !important;padding-left : 0px !important;margin-left : 2.88%;}@media only screen and (max-width:1024px) {.fusion-body .fusion-builder-column-0{width:100% !important;}.fusion-builder-column-0 > .fusion-column-wrapper {margin-right : 1.92%;margin-left : 1.92%;}}@media only screen and (max-width:640px) {.fusion-body .fusion-builder-column-0{width:100% !important;}.fusion-builder-column-0 > .fusion-column-wrapper {margin-right : 1.92%;margin-left : 1.92%;}}<\/style><\/div><div class=\"fusion-layout-column fusion_builder_column fusion-builder-column-1 fusion_builder_column_1_3 1_3 fusion-flex-column\"><div class=\"fusion-column-wrapper fusion-flex-justify-content-flex-start fusion-content-layout-column\" style=\"background-position:left top;background-repeat:no-repeat;-webkit-background-size:cover;-moz-background-size:cover;-o-background-size:cover;background-size:cover;padding: 0px 0px 0px 0px;\"><div ><span class=\" fusion-imageframe imageframe-none imageframe-1 hover-type-none\" style=\"max-width:450px;\"><img decoding=\"async\" width=\"600\" height=\"898\" title=\"gene_01_600px\" src=\"https:\/\/gene-hagelstein.de\/wp-content\/uploads\/2021\/08\/gene_01_600px.png\" data-orig-src=\"https:\/\/gene-hagelstein.de\/wp-content\/uploads\/2021\/08\/gene_01_600px.png\" class=\"lazyload img-responsive wp-image-648\" srcset=\"data:image\/svg+xml,%3Csvg%20xmlns%3D%27http%3A%2F%2Fwww.w3.org%2F2000%2Fsvg%27%20width%3D%27600%27%20height%3D%27898%27%20viewBox%3D%270%200%20600%20898%27%3E%3Crect%20width%3D%27600%27%20height%3D%27898%27%20fill-opacity%3D%220%22%2F%3E%3C%2Fsvg%3E\" data-srcset=\"https:\/\/gene-hagelstein.de\/wp-content\/uploads\/2021\/08\/gene_01_600px-200x299.png 200w, https:\/\/gene-hagelstein.de\/wp-content\/uploads\/2021\/08\/gene_01_600px-400x599.png 400w, https:\/\/gene-hagelstein.de\/wp-content\/uploads\/2021\/08\/gene_01_600px.png 600w\" data-sizes=\"auto\" data-orig-sizes=\"(max-width: 1024px) 100vw, (max-width: 640px) 100vw, 600px\" \/><\/span><\/div><div class=\"fusion-separator fusion-full-width-sep\" style=\"align-self: center;margin-left: auto;margin-right: auto;width:100%;\"><div class=\"fusion-separator-border sep-double\" style=\"border-color:#e0dede;border-top-width:1px;border-bottom-width:1px;\"><\/div><\/div><div ><span class=\" fusion-imageframe imageframe-none imageframe-2 hover-type-none\" style=\"max-width:450px;\"><img decoding=\"async\" width=\"576\" height=\"1024\" title=\"dgh_zurperson_900x1600px_144dpi\" src=\"https:\/\/gene-hagelstein.de\/wp-content\/uploads\/2021\/07\/dgh_zurperson_900x1600px_144dpi.png\" data-orig-src=\"https:\/\/gene-hagelstein.de\/wp-content\/uploads\/2021\/07\/dgh_zurperson_900x1600px_144dpi-576x1024.png\" class=\"lazyload img-responsive wp-image-468\" srcset=\"data:image\/svg+xml,%3Csvg%20xmlns%3D%27http%3A%2F%2Fwww.w3.org%2F2000%2Fsvg%27%20width%3D%27900%27%20height%3D%271600%27%20viewBox%3D%270%200%20900%201600%27%3E%3Crect%20width%3D%27900%27%20height%3D%271600%27%20fill-opacity%3D%220%22%2F%3E%3C%2Fsvg%3E\" data-srcset=\"https:\/\/gene-hagelstein.de\/wp-content\/uploads\/2021\/07\/dgh_zurperson_900x1600px_144dpi-200x356.png 200w, https:\/\/gene-hagelstein.de\/wp-content\/uploads\/2021\/07\/dgh_zurperson_900x1600px_144dpi-400x711.png 400w, https:\/\/gene-hagelstein.de\/wp-content\/uploads\/2021\/07\/dgh_zurperson_900x1600px_144dpi-600x1067.png 600w, https:\/\/gene-hagelstein.de\/wp-content\/uploads\/2021\/07\/dgh_zurperson_900x1600px_144dpi-800x1422.png 800w, https:\/\/gene-hagelstein.de\/wp-content\/uploads\/2021\/07\/dgh_zurperson_900x1600px_144dpi.png 900w\" data-sizes=\"auto\" data-orig-sizes=\"(max-width: 1024px) 100vw, (max-width: 640px) 100vw, 600px\" \/><\/span><\/div><div class=\"fusion-separator fusion-full-width-sep\" style=\"align-self: center;margin-left: auto;margin-right: auto;width:100%;\"><div class=\"fusion-separator-border sep-double\" style=\"border-color:#e0dede;border-top-width:1px;border-bottom-width:1px;\"><\/div><\/div><div ><span class=\" fusion-imageframe imageframe-none imageframe-3 hover-type-none\" style=\"max-width:450px;\"><img decoding=\"async\" width=\"600\" height=\"704\" title=\"gene_04_600px\" src=\"https:\/\/gene-hagelstein.de\/wp-content\/uploads\/2021\/08\/gene_04_600px.png\" data-orig-src=\"https:\/\/gene-hagelstein.de\/wp-content\/uploads\/2021\/08\/gene_04_600px.png\" class=\"lazyload img-responsive wp-image-645\" srcset=\"data:image\/svg+xml,%3Csvg%20xmlns%3D%27http%3A%2F%2Fwww.w3.org%2F2000%2Fsvg%27%20width%3D%27600%27%20height%3D%27704%27%20viewBox%3D%270%200%20600%20704%27%3E%3Crect%20width%3D%27600%27%20height%3D%27704%27%20fill-opacity%3D%220%22%2F%3E%3C%2Fsvg%3E\" data-srcset=\"https:\/\/gene-hagelstein.de\/wp-content\/uploads\/2021\/08\/gene_04_600px-200x235.png 200w, https:\/\/gene-hagelstein.de\/wp-content\/uploads\/2021\/08\/gene_04_600px-400x469.png 400w, https:\/\/gene-hagelstein.de\/wp-content\/uploads\/2021\/08\/gene_04_600px.png 600w\" data-sizes=\"auto\" data-orig-sizes=\"(max-width: 1024px) 100vw, (max-width: 640px) 100vw, 600px\" \/><\/span><\/div><\/div><style type=\"text\/css\">.fusion-body .fusion-builder-column-1{width:33.333333333333% !important;margin-top : 0px;margin-bottom : 20px;}.fusion-builder-column-1 > .fusion-column-wrapper {padding-top : 0px !important;padding-right : 0px !important;margin-right : 5.76%;padding-bottom : 0px !important;padding-left : 0px !important;margin-left : 3.84%;}@media only screen and (max-width:1024px) {.fusion-body .fusion-builder-column-1{width:100% !important;order : 0;}.fusion-builder-column-1 > .fusion-column-wrapper {margin-right : 1.92%;margin-left : 1.92%;}}@media only screen and (max-width:640px) {.fusion-body .fusion-builder-column-1{width:100% !important;order : 0;}.fusion-builder-column-1 > .fusion-column-wrapper {margin-right : 1.92%;margin-left : 1.92%;}}<\/style><\/div><\/div><style type=\"text\/css\">.fusion-body .fusion-flex-container.fusion-builder-row-1{ padding-top : 0px;margin-top : 0px;padding-right : 30px;padding-bottom : 0px;margin-bottom : 0px;padding-left : 30px;}<\/style><\/div><div class=\"fusion-fullwidth fullwidth-box fusion-builder-row-2 fusion-flex-container nonhundred-percent-fullwidth non-hundred-percent-height-scrolling\" style=\"background-color: #ffffff;background-position: center center;background-repeat: no-repeat;border-width: 0px 0px 0px 0px;border-color:#eae9e9;border-style:solid;\" ><div class=\"fusion-builder-row fusion-row fusion-flex-align-items-flex-start\" style=\"max-width:104%;margin-left: calc(-4% \/ 2 );margin-right: calc(-4% \/ 2 );\"><div class=\"fusion-layout-column fusion_builder_column fusion-builder-column-2 fusion_builder_column_2_3 2_3 fusion-flex-column\"><div class=\"fusion-column-wrapper fusion-flex-justify-content-flex-start fusion-content-layout-column\" style=\"background-position:left top;background-repeat:no-repeat;-webkit-background-size:cover;-moz-background-size:cover;-o-background-size:cover;background-size:cover;padding: 0px 0px 0px 0px;\"><div class=\"fusion-text fusion-text-2\"><p><!-- wp:heading --><\/p>\n<h4 data-fontsize=\"18\" data-lineheight=\"27px\" class=\"fusion-responsive-typography-calculated\" style=\"--fontSize: 18; line-height: 1.5; --minFontSize: 18;\"><\/h4>\n<h3 data-fontsize=\"36\" data-lineheight=\"54px\" class=\"fusion-responsive-typography-calculated\" style=\"--fontSize: 36; line-height: 1.5;\">LEBENSLAUF<\/h3>\n<h4>Kindheit<\/h4>\n<p><!-- \/wp:heading --><\/p>\n<\/div><div class=\"fusion-text fusion-text-3\"><p>Ich wurde am 08.09.1967 in Aschaffenburg geboren. Mein Vater war amerikanischer Soldat, meine Mutter arbeitete als N\u00e4herin und K\u00fcchenhilfe. 1976 zogen wir von Miltenberg nach Neu-Isenburg.<\/p>\n<\/div><div class=\"fusion-text fusion-text-4\"><p><!-- wp:heading --><\/p>\n<h4>Jugend<\/h4>\n<p><!-- \/wp:heading --><\/p>\n<\/div><div class=\"fusion-text fusion-text-5\"><p><span style=\"color: var(--body_typography-color); font-family: var(--body_typography-font-family); font-size: var(--body_typography-font-size); font-style: var(--body_typography-font-style,normal); letter-spacing: var(--body_typography-letter-spacing);\">In meiner Jugend war ich, wie wahrscheinlich viel auch, rast- und ziellos. Etwas Rahmen gab mir meine Ausbildung zum Chemiefacharbeiter bei DuPont, die ich 1989 abschloss. Mein politisches Interesse begann mit meiner T\u00e4tigkeit als Jugendvertreter, die sp\u00e4ter als Betriebsrat sowie als Vertrauensmann der Schwerbehinderten vertieft wurde.<\/span><\/p>\n<\/div><div class=\"fusion-text fusion-text-6\"><p><!-- wp:heading --><\/p>\n<h4>Arbeitswelt<\/h4>\n<p><!-- \/wp:heading --><\/p>\n<\/div><div class=\"fusion-text fusion-text-7\"><p><span style=\"color: var(--body_typography-color); font-family: var(--body_typography-font-family); font-size: var(--body_typography-font-size); font-style: var(--body_typography-font-style,normal); letter-spacing: var(--body_typography-letter-spacing);\">Nach der Ausbildung arbeitete ich als Laborhelfer in der Forschungsabteilung in der Dornhofstra\u00dfe bei DuPont. <\/span><\/p>\n<p><span style=\"color: var(--body_typography-color); font-family: var(--body_typography-font-family); font-size: var(--body_typography-font-size); font-style: var(--body_typography-font-style,normal); letter-spacing: var(--body_typography-letter-spacing);\">Als das Werk 1998\/1999 schloss, orientierte ich mich um und verlie\u00df die chemische Industrie f\u00fcr l\u00e4ngere Zeit. Ich konnte als Ein- und Verkaufsleiter in der optischen Industrie Einblicke in die kaufm\u00e4nnischen Belange erwerben. Erwerbslosigkeit musste ich aber auch kennenlernen. Nach der Insolvenz eines Arbeitgebers, war ich anderthalb Jahre ohne Job. <\/span><\/p>\n<p><span style=\"color: var(--body_typography-color); font-family: var(--body_typography-font-family); font-size: var(--body_typography-font-size); font-style: var(--body_typography-font-style,normal); letter-spacing: var(--body_typography-letter-spacing);\">2017 kam ich dann wieder zur\u00fcck zur Chemie. Ich arbeite mittlerweile bei Archroma, einem Unternehmen f\u00fcr Spezialchemikalien f\u00fcr die Textil- und Papierbranche in Frankfurt und leite dort ein Team mit sechs Mitarbeitern.<\/span><\/p>\n<\/div><div class=\"fusion-text fusion-text-8\"><p><!-- wp:heading --><\/p>\n<h4>Politik<\/h4>\n<p><!-- \/wp:heading --><\/p>\n<\/div><div class=\"fusion-text fusion-text-9\"><p><span style=\"color: var(--body_typography-color); font-family: var(--body_typography-font-family); font-size: var(--body_typography-font-size); font-style: var(--body_typography-font-style,normal); letter-spacing: var(--body_typography-letter-spacing);\">Ich konnte viele Erfahrungen durch parteiinternes Arbeiten sammeln, so war zB ich im Kreis Offenbach lange Jahre stellvertretender Parteivorsitzender und Vorsitzender der Arbeitsgemeinschaft f\u00fcr Arbeitnehmerfragen. Ausserhalb des Kreises f\u00fchrte ich l\u00e4ngere Zeit die Schwusos Hessen (jetzt AG Queer) als Landesvorsitzender.<\/span><\/p>\n<p>2001 wurde ich erstmals ins Neu-Isenburger Stadtparlament gew\u00e4hlt und konnte hier das engagierte und kompetente kommunalpolitische Miteinader erleben \u2013 lange Zeit als Vorsitzender des Ausschu\u00dfes f\u00fcr Familie, Jugend, Senioren und Soziales. Seit drei Jahren bin ich Fraktionsvorsitzender.<\/p>\n<p>2012 kandidierte ich f\u00fcr den deutschen Bundestag<\/p>\n<\/div><div class=\"fusion-text fusion-text-10\"><p><!-- wp:heading --><\/p>\n<h4>Familie<\/h4>\n<p><!-- \/wp:heading --><\/p>\n<\/div><div class=\"fusion-text fusion-text-11\"><p><span style=\"color: var(--body_typography-color); font-family: var(--body_typography-font-family); font-size: var(--body_typography-font-size); font-style: var(--body_typography-font-style,normal); letter-spacing: var(--body_typography-letter-spacing);\">Meine Mutter und mein j\u00fcngerer Bruder Bernd Joe leben hier in Neu-Isenburg und wir haben eine sehr enge Beziehung. Mit meinem Mann, mit dem ich seit 2001 zusammen bin, lebe ich seit 2003 in einer sch\u00f6nen Wohnung in der Luisenstrasse. <\/span><\/p>\n<p><span style=\"color: var(--body_typography-color); font-family: var(--body_typography-font-family); font-size: var(--body_typography-font-size); font-style: var(--body_typography-font-style,normal); letter-spacing: var(--body_typography-letter-spacing);\">2004 sagte er das erste Mal Ja, die Wandlung zur Ehe erfolgte 2017. <\/span><\/p>\n<p><span style=\"color: var(--body_typography-color); font-family: var(--body_typography-font-family); font-size: var(--body_typography-font-size); font-style: var(--body_typography-font-style,normal); letter-spacing: var(--body_typography-letter-spacing);\">Meine Patenkinder Gioia und Anne sowie mein Neffe Jona runden die Familie ab. Nicht zu vergessen meine Onkel, Tanten, Cousinen und Cousins.<\/span><\/p>\n<\/div><\/div><style type=\"text\/css\">.fusion-body .fusion-builder-column-2{width:66.666666666667% !important;margin-top : 0px;margin-bottom : 0px;}.fusion-builder-column-2 > .fusion-column-wrapper {padding-top : 0px !important;padding-right : 0px !important;margin-right : 3.84%;padding-bottom : 0px !important;padding-left : 0px !important;margin-left : 2.88%;}@media only screen and (max-width:1024px) {.fusion-body .fusion-builder-column-2{width:100% !important;}.fusion-builder-column-2 > .fusion-column-wrapper {margin-right : 1.92%;margin-left : 1.92%;}}@media only screen and (max-width:640px) {.fusion-body .fusion-builder-column-2{width:100% !important;}.fusion-builder-column-2 > .fusion-column-wrapper {margin-right : 1.92%;margin-left : 1.92%;}}<\/style><\/div><div class=\"fusion-layout-column fusion_builder_column fusion-builder-column-3 fusion_builder_column_1_3 1_3 fusion-flex-column\"><div class=\"fusion-column-wrapper fusion-flex-justify-content-flex-start fusion-content-layout-column\" style=\"background-position:left top;background-repeat:no-repeat;-webkit-background-size:cover;-moz-background-size:cover;-o-background-size:cover;background-size:cover;padding: 0px 0px 0px 0px;\"><div class=\"fusion-separator fusion-full-width-sep\" style=\"align-self: center;margin-left: auto;margin-right: auto;width:100%;\"><div class=\"fusion-separator-border sep-double\" style=\"border-color:#e0dede;border-top-width:1px;border-bottom-width:1px;\"><\/div><\/div><div ><span class=\" fusion-imageframe imageframe-none imageframe-4 hover-type-none\" style=\"max-width:450px;\"><img decoding=\"async\" width=\"600\" height=\"866\" title=\"gene_02_600px\" src=\"https:\/\/gene-hagelstein.de\/wp-content\/uploads\/2021\/08\/gene_02_600px.png\" data-orig-src=\"https:\/\/gene-hagelstein.de\/wp-content\/uploads\/2021\/08\/gene_02_600px.png\" class=\"lazyload img-responsive wp-image-647\" srcset=\"data:image\/svg+xml,%3Csvg%20xmlns%3D%27http%3A%2F%2Fwww.w3.org%2F2000%2Fsvg%27%20width%3D%27600%27%20height%3D%27866%27%20viewBox%3D%270%200%20600%20866%27%3E%3Crect%20width%3D%27600%27%20height%3D%27866%27%20fill-opacity%3D%220%22%2F%3E%3C%2Fsvg%3E\" data-srcset=\"https:\/\/gene-hagelstein.de\/wp-content\/uploads\/2021\/08\/gene_02_600px-200x289.png 200w, https:\/\/gene-hagelstein.de\/wp-content\/uploads\/2021\/08\/gene_02_600px-400x577.png 400w, https:\/\/gene-hagelstein.de\/wp-content\/uploads\/2021\/08\/gene_02_600px.png 600w\" data-sizes=\"auto\" data-orig-sizes=\"(max-width: 1024px) 100vw, (max-width: 640px) 100vw, 600px\" \/><\/span><\/div><div class=\"fusion-separator fusion-full-width-sep\" style=\"align-self: center;margin-left: auto;margin-right: auto;width:100%;\"><div class=\"fusion-separator-border sep-double\" style=\"border-color:#e0dede;border-top-width:1px;border-bottom-width:1px;\"><\/div><\/div><div ><span class=\" fusion-imageframe imageframe-none imageframe-5 hover-type-none\" style=\"max-width:450px;\"><img decoding=\"async\" width=\"600\" height=\"919\" title=\"gene_03_600px\" src=\"https:\/\/gene-hagelstein.de\/wp-content\/uploads\/2021\/08\/gene_03_600px.png\" data-orig-src=\"https:\/\/gene-hagelstein.de\/wp-content\/uploads\/2021\/08\/gene_03_600px.png\" class=\"lazyload img-responsive wp-image-646\" srcset=\"data:image\/svg+xml,%3Csvg%20xmlns%3D%27http%3A%2F%2Fwww.w3.org%2F2000%2Fsvg%27%20width%3D%27600%27%20height%3D%27919%27%20viewBox%3D%270%200%20600%20919%27%3E%3Crect%20width%3D%27600%27%20height%3D%27919%27%20fill-opacity%3D%220%22%2F%3E%3C%2Fsvg%3E\" data-srcset=\"https:\/\/gene-hagelstein.de\/wp-content\/uploads\/2021\/08\/gene_03_600px-200x306.png 200w, https:\/\/gene-hagelstein.de\/wp-content\/uploads\/2021\/08\/gene_03_600px-400x613.png 400w, https:\/\/gene-hagelstein.de\/wp-content\/uploads\/2021\/08\/gene_03_600px.png 600w\" data-sizes=\"auto\" data-orig-sizes=\"(max-width: 1024px) 100vw, (max-width: 640px) 100vw, 600px\" \/><\/span><\/div><div class=\"fusion-separator fusion-full-width-sep\" style=\"align-self: center;margin-left: auto;margin-right: auto;width:100%;\"><div class=\"fusion-separator-border sep-double\" style=\"border-color:#e0dede;border-top-width:1px;border-bottom-width:1px;\"><\/div><\/div><div ><span class=\" fusion-imageframe imageframe-none imageframe-6 hover-type-none\" style=\"max-width:450px;\"><img decoding=\"async\" width=\"600\" height=\"400\" title=\"gene_05_600px\" src=\"https:\/\/gene-hagelstein.de\/wp-content\/uploads\/2021\/08\/gene_05_600px.png\" data-orig-src=\"https:\/\/gene-hagelstein.de\/wp-content\/uploads\/2021\/08\/gene_05_600px.png\" class=\"lazyload img-responsive wp-image-644\" srcset=\"data:image\/svg+xml,%3Csvg%20xmlns%3D%27http%3A%2F%2Fwww.w3.org%2F2000%2Fsvg%27%20width%3D%27600%27%20height%3D%27400%27%20viewBox%3D%270%200%20600%20400%27%3E%3Crect%20width%3D%27600%27%20height%3D%27400%27%20fill-opacity%3D%220%22%2F%3E%3C%2Fsvg%3E\" data-srcset=\"https:\/\/gene-hagelstein.de\/wp-content\/uploads\/2021\/08\/gene_05_600px-200x133.png 200w, https:\/\/gene-hagelstein.de\/wp-content\/uploads\/2021\/08\/gene_05_600px-400x267.png 400w, https:\/\/gene-hagelstein.de\/wp-content\/uploads\/2021\/08\/gene_05_600px.png 600w\" data-sizes=\"auto\" data-orig-sizes=\"(max-width: 1024px) 100vw, (max-width: 640px) 100vw, 600px\" \/><\/span><\/div><\/div><style type=\"text\/css\">.fusion-body .fusion-builder-column-3{width:33.333333333333% !important;margin-top : 0px;margin-bottom : 20px;}.fusion-builder-column-3 > .fusion-column-wrapper {padding-top : 0px !important;padding-right : 0px !important;margin-right : 5.76%;padding-bottom : 0px !important;padding-left : 0px !important;margin-left : 3.84%;}@media only screen and (max-width:1024px) {.fusion-body .fusion-builder-column-3{width:100% !important;order : 0;}.fusion-builder-column-3 > .fusion-column-wrapper {margin-right : 1.92%;margin-left : 1.92%;}}@media only screen and (max-width:640px) {.fusion-body .fusion-builder-column-3{width:100% !important;order : 0;}.fusion-builder-column-3 > .fusion-column-wrapper {margin-right : 1.92%;margin-left : 1.92%;}}<\/style><\/div><\/div><style type=\"text\/css\">.fusion-body .fusion-flex-container.fusion-builder-row-2{ padding-top : 0px;margin-top : 0px;padding-right : 30px;padding-bottom : 0px;margin-bottom : 0px;padding-left : 30px;}<\/style><\/div>","protected":false},"excerpt":{"rendered":"","protected":false},"author":1,"featured_media":0,"comment_status":"open","ping_status":"open","sticky":false,"template":"","format":"standard","meta":{"footnotes":""},"categories":[44],"tags":[47,46,45],"class_list":["post-1","post","type-post","status-publish","format-standard","hentry","category-lebenslauf","tag-curriculum-vitae","tag-cv","tag-lebenslauf"],"_links":{"self":[{"href":"https:\/\/gene-hagelstein.de\/index.php?rest_route=\/wp\/v2\/posts\/1","targetHints":{"allow":["GET"]}}],"collection":[{"href":"https:\/\/gene-hagelstein.de\/index.php?rest_route=\/wp\/v2\/posts"}],"about":[{"href":"https:\/\/gene-hagelstein.de\/index.php?rest_route=\/wp\/v2\/types\/post"}],"author":[{"embeddable":true,"href":"https:\/\/gene-hagelstein.de\/index.php?rest_route=\/wp\/v2\/users\/1"}],"replies":[{"embeddable":true,"href":"https:\/\/gene-hagelstein.de\/index.php?rest_route=%2Fwp%2Fv2%2Fcomments&post=1"}],"version-history":[{"count":16,"href":"https:\/\/gene-hagelstein.de\/index.php?rest_route=\/wp\/v2\/posts\/1\/revisions"}],"predecessor-version":[{"id":738,"href":"https:\/\/gene-hagelstein.de\/index.php?rest_route=\/wp\/v2\/posts\/1\/revisions\/738"}],"wp:attachment":[{"href":"https:\/\/gene-hagelstein.de\/index.php?rest_route=%2Fwp%2Fv2%2Fmedia&parent=1"}],"wp:term":[{"taxonomy":"category","embeddable":true,"href":"https:\/\/gene-hagelstein.de\/index.php?rest_route=%2Fwp%2Fv2%2Fcategories&post=1"},{"taxonomy":"post_tag","embeddable":true,"href":"https:\/\/gene-hagelstein.de\/index.php?rest_route=%2Fwp%2Fv2%2Ftags&post=1"}],"curies":[{"name":"wp","href":"https:\/\/api.w.org\/{rel}","templated":true}]}}